{"id":895,"date":"2025-12-12T11:42:53","date_gmt":"2025-12-12T10:42:53","guid":{"rendered":"https:\/\/art-office.at\/em\/?p=895"},"modified":"2025-12-12T09:24:49","modified_gmt":"2025-12-12T08:24:49","slug":"stille-nacht-adventmarkt-oberndorf-04-08-12-2025","status":"publish","type":"post","link":"https:\/\/art-office.at\/em\/?p=895","title":{"rendered":"Das war der Stille Nacht Adventmarkt Oberndorf 04.-08.12.2025"},"content":{"rendered":"\n<div class=\"wp-block-group\"><div class=\"wp-block-group__inner-container is-layout-constrained wp-block-group-is-layout-constrained\"><div class=\"wp-block-image\">\n<figure class=\"aligncenter size-large is-resized\"><a href=\"https:\/\/art-office.at\/em\/wp-content\/uploads\/2025\/11\/20251204_113524-scaled.jpg\"><img loading=\"lazy\" decoding=\"async\" width=\"1024\" height=\"705\" src=\"https:\/\/art-office.at\/em\/wp-content\/uploads\/2025\/11\/20251204_113524-1024x705.jpg\" alt=\"\" class=\"wp-image-903\" style=\"aspect-ratio:1.4382548861723154;width:296px;height:auto\" srcset=\"https:\/\/art-office.at\/em\/wp-content\/uploads\/2025\/11\/20251204_113524-1024x705.jpg 1024w, https:\/\/art-office.at\/em\/wp-content\/uploads\/2025\/11\/20251204_113524-300x207.jpg 300w, https:\/\/art-office.at\/em\/wp-content\/uploads\/2025\/11\/20251204_113524-768x529.jpg 768w, https:\/\/art-office.at\/em\/wp-content\/uploads\/2025\/11\/20251204_113524-1536x1058.jpg 1536w, https:\/\/art-office.at\/em\/wp-content\/uploads\/2025\/11\/20251204_113524-2048x1410.jpg 2048w, https:\/\/art-office.at\/em\/wp-content\/uploads\/2025\/11\/20251204_113524-436x300.jpg 436w\" sizes=\"auto, (max-width: 1024px) 100vw, 1024px\" \/><\/a><\/figure>\n<\/div><\/div><\/div>\n\n\n\n<p><a href=\"https:\/\/stillenacht-kapelle.at\/stille-nacht-weihnachtsmarkt-2025\/\" data-type=\"link\" data-id=\"https:\/\/stillenacht-kapelle.at\/stille-nacht-weihnachtsmarkt-2025\/\" target=\"_blank\" rel=\"noreferrer noopener\">https:\/\/stillenacht-kapelle.at\/stille-nacht-weihnachtsmarkt-2025\/<\/a><\/p>\n\n\n\n<p>Der Stille Nacht Adventmarkt ist etwas ganz Besonderes! 20 Weihnachtsst\u00e4nde sind rund um die wundersch\u00f6ne Stille Nacht Kapelle, bei der einst das weltber\u00fchmte Weihnachtslied &#8222;Stille Nacht! Heilige Nacht!&#8220; das erste Mal erklungen ist, aufgebaut.&nbsp;Es gibt ausgew\u00e4hltes Kunsthandwerk,&nbsp;weihnachtliche Schmankerl,&nbsp;Adventkranzsingen, traditionelle Weihnachtskl\u00e4nge wie Turm- &amp; Alphornbl\u00e4ser, Besuch vom Nikolaus, Perchtenl\u00e4ufe, uvm.<br><br>Der Adventmarkt ist von 21.11.2025 bis zum 26.12.2025&nbsp;von Donnerstag bis Sonntag ab 10:00 Uhr ge\u00f6ffnet. Zus\u00e4tzliche \u00d6ffnungstage am 8., 22. und 23.12.<br><br>Jedes Jahr am 24. Dezember&nbsp;ab 16:45 Uhr&nbsp;versammeln sich tausende Menschen aus aller Welt in Oberndorf bei Salzburg um an der Gedenkfeier zu Ehren der Liedsch\u00f6pfer Franz Xaver Gruber und Joseph Mohr vor der Stillen Nacht Ged\u00e4chtniskapelle teilzunehmen.<br><\/p>\n\n\n<div class=\"wp-block-image\">\n<figure class=\"aligncenter size-full is-resized\"><a href=\"https:\/\/art-office.at\/em\/wp-content\/uploads\/2025\/11\/Screenshot-2025-11-09-113842.jpeg\"><img loading=\"lazy\" decoding=\"async\" width=\"342\" height=\"717\" src=\"https:\/\/art-office.at\/em\/wp-content\/uploads\/2025\/11\/Screenshot-2025-11-09-113842.jpeg\" alt=\"\" class=\"wp-image-896\" style=\"aspect-ratio:0.49206083904395786;width:184px;height:auto\" srcset=\"https:\/\/art-office.at\/em\/wp-content\/uploads\/2025\/11\/Screenshot-2025-11-09-113842.jpeg 342w, https:\/\/art-office.at\/em\/wp-content\/uploads\/2025\/11\/Screenshot-2025-11-09-113842-143x300.jpeg 143w\" sizes=\"auto, (max-width: 342px) 100vw, 342px\" \/><\/a><\/figure>\n<\/div>\n\n\n<p><\/p>\n","protected":false},"excerpt":{"rendered":"<p>https:\/\/stillenacht-kapelle.at\/stille-nacht-weihnachtsmarkt-2025\/ Der Stille Nacht Adventmarkt ist etwas ganz Besonderes! 20 Weihnachtsst\u00e4nde sind rund um die wundersch\u00f6ne Stille Nacht Kapelle, bei der einst das weltber\u00fchmte Weihnachtslied &#8222;Stille Nacht! Heilige Nacht!&#8220; das erste Mal erklungen ist, aufgebaut.&nbsp;Es gibt ausgew\u00e4hltes Kunsthandwerk,&nbsp;weihnachtliche Schmankerl,&nbsp;Adventkranzsingen, traditionelle &hellip; <a href=\"https:\/\/art-office.at\/em\/?p=895\">Weiterlesen <span class=\"meta-nav\">&rarr;<\/span><\/a><\/p>\n","protected":false},"author":1,"featured_media":0,"comment_status":"closed","ping_status":"closed","sticky":false,"template":"","format":"standard","meta":{"footnotes":""},"categories":[1],"tags":[],"class_list":["post-895","post","type-post","status-publish","format-standard","hentry","category-uncategorized"],"_links":{"self":[{"href":"https:\/\/art-office.at\/em\/index.php?rest_route=\/wp\/v2\/posts\/895","targetHints":{"allow":["GET"]}}],"collection":[{"href":"https:\/\/art-office.at\/em\/index.php?rest_route=\/wp\/v2\/posts"}],"about":[{"href":"https:\/\/art-office.at\/em\/index.php?rest_route=\/wp\/v2\/types\/post"}],"author":[{"embeddable":true,"href":"https:\/\/art-office.at\/em\/index.php?rest_route=\/wp\/v2\/users\/1"}],"replies":[{"embeddable":true,"href":"https:\/\/art-office.at\/em\/index.php?rest_route=%2Fwp%2Fv2%2Fcomments&post=895"}],"version-history":[{"count":6,"href":"https:\/\/art-office.at\/em\/index.php?rest_route=\/wp\/v2\/posts\/895\/revisions"}],"predecessor-version":[{"id":906,"href":"https:\/\/art-office.at\/em\/index.php?rest_route=\/wp\/v2\/posts\/895\/revisions\/906"}],"wp:attachment":[{"href":"https:\/\/art-office.at\/em\/index.php?rest_route=%2Fwp%2Fv2%2Fmedia&parent=895"}],"wp:term":[{"taxonomy":"category","embeddable":true,"href":"https:\/\/art-office.at\/em\/index.php?rest_route=%2Fwp%2Fv2%2Fcategories&post=895"},{"taxonomy":"post_tag","embeddable":true,"href":"https:\/\/art-office.at\/em\/index.php?rest_route=%2Fwp%2Fv2%2Ftags&post=895"}],"curies":[{"name":"wp","href":"https:\/\/api.w.org\/{rel}","templated":true}]}}